{"id":1512,"date":"2015-09-03T18:35:07","date_gmt":"2015-09-03T16:35:07","guid":{"rendered":"http:\/\/deti.casd.cz\/?p=1512"},"modified":"2015-10-13T00:42:37","modified_gmt":"2015-10-12T22:42:37","slug":"udelejte-radost-detem","status":"publish","type":"post","link":"https:\/\/deti.casd.cz\/?p=1512","title":{"rendered":"Ud\u011blejte radost d\u011btem"},"content":{"rendered":"<p>S velkou radost\u00ed V\u00e1m mohu ozn\u00e1mit, \u017ee se poda\u0159ilo vydat pro d\u011bti den\u00ed\u010dek, kter\u00fd mohou m\u00edt ka\u017ed\u00fd den u sebe. P\u0159ipravili jsme spole\u010dn\u011b s nakladatelstv\u00edm Advent Orion pro d\u011bti<strong> &#8222;M\u016fj den\u00ed\u010dek&#8220;<\/strong>, kam si mohou znamenat nejen sv\u00e9 povinnosti, \u00fakoly a jin\u00e9 z\u00e1le\u017eitosti, ale kter\u00fd jim bude tak\u00e9 oporou v duchovn\u00edm r\u016fstu, pom\u016f\u017ee jim l\u00e9pe zvl\u00e1dat ka\u017edodenn\u00ed starosti, proto\u017ee v n\u011bm najdou povzbuzen\u00ed, ver\u0161\u00edky a n\u00e1m\u011bty, jak prakticky pro\u017e\u00edvat \u017eivot k\u0159es\u0165ana. Den\u00ed\u010dek pro Va\u0161e d\u011bti m\u016f\u017eete objedn\u00e1vat na adrese:<\/p>\n<p>Objedn\u00e1vky:<br \/>\nTel.: 558\u00a0359 100<br \/>\nMobil: 603 553 628<\/p>\n<p><strong>Advent-Orion<\/strong>, spol. s\u00a0r.o.<br \/>\nRoztock\u00e1 5<br \/>\n160 00 Praha 6 &#8211; Sedlec<br \/>\nTel.: 605 210 377<br \/>\nE-mail:\u00a0<a>adventorion@adventorion.cz<\/a><\/p>\n<p>Tak a\u0165 se V\u00e1m l\u00edb\u00ed.<\/p>\n<p>&nbsp;<\/p>\n<p>Monika Medkov\u00e1<\/p>\n<p>&nbsp;<\/p>\n","protected":false},"excerpt":{"rendered":"<p>S velkou radost\u00ed V\u00e1m mohu ozn\u00e1mit, \u017ee se poda\u0159ilo vydat pro d\u011bti den\u00ed\u010dek, kter\u00fd mohou m\u00edt ka\u017ed\u00fd den u sebe. P\u0159ipravili jsme spole\u010dn\u011b s nakladatelstv\u00edm Advent Orion pro d\u011bti &#8222;M\u016fj den\u00ed\u010dek&#8220;, kam si mohou znamenat nejen sv\u00e9 povinnosti, \u00fakoly a jin\u00e9 z\u00e1le\u017eitosti, ale kter\u00fd jim bude tak\u00e9 oporou v duchovn\u00edm r\u016fstu, pom\u016f\u017ee jim l\u00e9pe zvl\u00e1dat &hellip; <\/p>\n<p><a class=\"more-link btn\" href=\"https:\/\/deti.casd.cz\/?p=1512\">Pokra\u010dovat ve \u010dten\u00ed<\/a><\/p>\n","protected":false},"author":1,"featured_media":0,"comment_status":"open","ping_status":"open","sticky":false,"template":"","format":"standard","meta":{"ngg_post_thumbnail":0,"footnotes":""},"categories":[15],"tags":[],"class_list":["post-1512","post","type-post","status-publish","format-standard","hentry","category-informace-2","item-wrap"],"_links":{"self":[{"href":"https:\/\/deti.casd.cz\/index.php?rest_route=\/wp\/v2\/posts\/1512","targetHints":{"allow":["GET"]}}],"collection":[{"href":"https:\/\/deti.casd.cz\/index.php?rest_route=\/wp\/v2\/posts"}],"about":[{"href":"https:\/\/deti.casd.cz\/index.php?rest_route=\/wp\/v2\/types\/post"}],"author":[{"embeddable":true,"href":"https:\/\/deti.casd.cz\/index.php?rest_route=\/wp\/v2\/users\/1"}],"replies":[{"embeddable":true,"href":"https:\/\/deti.casd.cz\/index.php?rest_route=%2Fwp%2Fv2%2Fcomments&post=1512"}],"version-history":[{"count":5,"href":"https:\/\/deti.casd.cz\/index.php?rest_route=\/wp\/v2\/posts\/1512\/revisions"}],"predecessor-version":[{"id":1552,"href":"https:\/\/deti.casd.cz\/index.php?rest_route=\/wp\/v2\/posts\/1512\/revisions\/1552"}],"wp:attachment":[{"href":"https:\/\/deti.casd.cz\/index.php?rest_route=%2Fwp%2Fv2%2Fmedia&parent=1512"}],"wp:term":[{"taxonomy":"category","embeddable":true,"href":"https:\/\/deti.casd.cz\/index.php?rest_route=%2Fwp%2Fv2%2Fcategories&post=1512"},{"taxonomy":"post_tag","embeddable":true,"href":"https:\/\/deti.casd.cz\/index.php?rest_route=%2Fwp%2Fv2%2Ftags&post=1512"}],"curies":[{"name":"wp","href":"https:\/\/api.w.org\/{rel}","templated":true}]}}