{"id":1671,"date":"2017-02-08T02:06:22","date_gmt":"2017-02-08T00:06:22","guid":{"rendered":"http:\/\/deti.casd.cz\/?p=1671"},"modified":"2017-02-08T02:06:22","modified_gmt":"2017-02-08T00:06:22","slug":"vikendove-seminare-pro-ucitele-dss-a-rodice-2","status":"publish","type":"post","link":"https:\/\/deti.casd.cz\/?p=1671","title":{"rendered":"V\u00edkendov\u00e9 semin\u00e1\u0159e pro u\u010ditele DS\u0160 a rodi\u010de"},"content":{"rendered":"<p>Op\u011bt v roce 2017 po\u0159\u00e1d\u00e1me semin\u00e1\u0159e pro u\u010ditele DS\u0160 a rodi\u010de. V leto\u0161n\u00edm roce se uskute\u010dn\u00ed pouze jeden v\u00edkendov\u00fd semin\u00e1\u0159 pro ka\u017ed\u00e9 sdru\u017een\u00ed. Jeden z toho d\u016fvodu, \u017ee na podzim pl\u00e1nujeme Unijn\u00ed setk\u00e1n\u00ed u\u010ditel\u016f DS\u0160. Chceme V\u00e1s tedy pozvat <strong>na v\u00edkendov\u00fd semin\u00e1\u0159 pro MSS v term\u00ednu 24.-26.2. 2017, pro \u010cS v term\u00ednu 24.-26.3. 2017 pro SZ v term\u00ednu 31.3. &#8211; 2.4. 2017.<\/strong><\/p>\n<p style=\"text-align: center;\"><span style=\"font-size: 14pt;\">Odd\u011blen\u00ed D\u011btsk\u00e9 sobotn\u00ed \u0161koly C\u00edrkve Adventist\u016f Sedm\u00e9ho Dne<\/span><br \/>\n<span style=\"font-size: 14pt;\"> V\u00e1s zve na semin\u00e1\u0159 pro rodi\u010de a u\u010ditele v D\u011btsk\u00fdch sobotn\u00edch \u0161kolk\u00e1ch<\/span><br \/>\n<span style=\"font-size: 14pt;\"> na t\u00e9ma:<\/span><br \/>\n<span style=\"color: #000080;\"><strong><span style=\"font-size: 14pt;\"> \u201eDARY U D\u011aT\u00cd\u201c<\/span><\/strong><\/span><br \/>\n<span style=\"color: #000080;\"><strong><span style=\"font-size: 14pt;\"> aneb jak identifikovat a rozv\u00edjet dary u d\u011bt\u00ed<\/span><\/strong><\/span><\/p>\n<p style=\"text-align: center;\"><span style=\"font-size: 14pt; color: #000080;\">Kdy? 24.-26.2. 2017 registrace od 18:00 do 19:00 h.<\/span><br \/>\n<span style=\"font-size: 14pt; color: #000080;\"> Kde? Ostrov u Macochy 432, GPS: 49.384011, 16.772481<\/span><br \/>\nhttp:\/\/www.taw.cz\/index.php\/cs\/ubytovani\/uvod<\/p>\n<p style=\"text-align: center;\"><span style=\"font-size: 12pt;\">Program obsahuje 7 oblast\u00ed k t\u00e9matu obdarov\u00e1n\u00ed u d\u011bt\u00ed:<\/span><br \/>\n<span style=\"font-size: 12pt;\"> \u2022 jak mohu identifikovat dary u d\u011bt\u00ed \u2013 v\u00fdchodiska pr\u00e1ce s d\u011btmi<\/span><br \/>\n<span style=\"font-size: 12pt;\"> \u2022 jak rozv\u00edjet dary u d\u011bt\u00ed &#8211; zp\u016fsoby pr\u00e1ce s d\u011btmi<\/span><br \/>\n<span style=\"font-size: 12pt;\"> \u2022 jak motivovat k vyu\u017eit\u00ed dar\u016f, kter\u00e9 d\u011bti maj\u00ed<\/span><br \/>\n<span style=\"font-size: 12pt;\"> \u2022 jak upoutat a udr\u017eet pozornost u d\u011bt\u00ed<\/span><br \/>\n<span style=\"font-size: 12pt;\"> \u2022 komunika\u010dn\u00ed techniky p\u0159i pr\u00e1ci s d\u011btmi<\/span><br \/>\n<span style=\"font-size: 12pt;\"> \u2022 jak pracovat s p\u0159irozenou autoritou<\/span><br \/>\n<span style=\"font-size: 12pt;\"> \u2022 jak d\u011btem p\u0159ibl\u00ed\u017eit duchovn\u00ed rozm\u011br jejich obdarov\u00e1n\u00ed<\/span><\/p>\n<p style=\"text-align: center;\"><span style=\"font-size: 12pt;\"> Pobyt je pro u\u010ditele vyslan\u00e9 sborem zdarma, hrad\u00ed se pouze p\u0159\u00edsp\u011bvek<\/span><br \/>\n<span style=\"font-size: 12pt;\"> na stravu ve v\u00fd\u0161i 200,- K\u010d. Sbor je rovn\u011b\u017e mo\u017en\u00e9 po\u017e\u00e1dat o proplacen\u00ed<\/span><br \/>\n<span style=\"font-size: 12pt;\"> cestovn\u00edch v\u00fddaj\u016f.<\/span><br \/>\n<span style=\"font-size: 12pt; color: #000080;\"> <strong>P\u0159ihla\u0161ov\u00e1n\u00ed formou registra\u010dn\u00edho formul\u00e1\u0159e do \u010dtvrtku 16.2.2017<\/strong><\/span><br \/>\n<span style=\"font-size: 12pt; color: #000080;\"> na webov\u00e9 adrese: <strong>https:\/\/goo.gl\/forms\/VNHcsSIBOsV9KXL53<\/strong><\/span><br \/>\n<span style=\"font-size: 12pt;\"> Sv\u00e9 dotazy m\u016f\u017eete sm\u011b\u0159ovat na:<\/span><br \/>\n<span style=\"font-size: 12pt;\"> Moniku Medkovou Monca.Medkova@tiscali.cz <\/span><\/p>\n<p style=\"text-align: center;\"><span style=\"font-size: 12pt;\">+420 604 390 038<\/span><br \/>\n<span style=\"font-size: 12pt;\"> Luk\u00e1\u0161e Jure\u010dka lukas-jurecek@volny.cz <\/span><\/p>\n<p style=\"text-align: center;\"><span style=\"font-size: 12pt;\">+420 731 501 286<\/span><\/p>\n","protected":false},"excerpt":{"rendered":"<p>Op\u011bt v roce 2017 po\u0159\u00e1d\u00e1me semin\u00e1\u0159e pro u\u010ditele DS\u0160 a rodi\u010de. V leto\u0161n\u00edm roce se uskute\u010dn\u00ed pouze jeden v\u00edkendov\u00fd semin\u00e1\u0159 pro ka\u017ed\u00e9 sdru\u017een\u00ed. Jeden z toho d\u016fvodu, \u017ee na podzim pl\u00e1nujeme Unijn\u00ed setk\u00e1n\u00ed u\u010ditel\u016f DS\u0160. Chceme V\u00e1s tedy pozvat na v\u00edkendov\u00fd semin\u00e1\u0159 pro MSS v term\u00ednu 24.-26.2. 2017, pro \u010cS v term\u00ednu 24.-26.3. 2017 pro &hellip; <\/p>\n<p><a class=\"more-link btn\" href=\"https:\/\/deti.casd.cz\/?p=1671\">Pokra\u010dovat ve \u010dten\u00ed<\/a><\/p>\n","protected":false},"author":1,"featured_media":0,"comment_status":"open","ping_status":"open","sticky":false,"template":"","format":"standard","meta":{"ngg_post_thumbnail":0,"footnotes":""},"categories":[1],"tags":[],"class_list":["post-1671","post","type-post","status-publish","format-standard","hentry","category-informace","item-wrap"],"_links":{"self":[{"href":"https:\/\/deti.casd.cz\/index.php?rest_route=\/wp\/v2\/posts\/1671","targetHints":{"allow":["GET"]}}],"collection":[{"href":"https:\/\/deti.casd.cz\/index.php?rest_route=\/wp\/v2\/posts"}],"about":[{"href":"https:\/\/deti.casd.cz\/index.php?rest_route=\/wp\/v2\/types\/post"}],"author":[{"embeddable":true,"href":"https:\/\/deti.casd.cz\/index.php?rest_route=\/wp\/v2\/users\/1"}],"replies":[{"embeddable":true,"href":"https:\/\/deti.casd.cz\/index.php?rest_route=%2Fwp%2Fv2%2Fcomments&post=1671"}],"version-history":[{"count":3,"href":"https:\/\/deti.casd.cz\/index.php?rest_route=\/wp\/v2\/posts\/1671\/revisions"}],"predecessor-version":[{"id":1674,"href":"https:\/\/deti.casd.cz\/index.php?rest_route=\/wp\/v2\/posts\/1671\/revisions\/1674"}],"wp:attachment":[{"href":"https:\/\/deti.casd.cz\/index.php?rest_route=%2Fwp%2Fv2%2Fmedia&parent=1671"}],"wp:term":[{"taxonomy":"category","embeddable":true,"href":"https:\/\/deti.casd.cz\/index.php?rest_route=%2Fwp%2Fv2%2Fcategories&post=1671"},{"taxonomy":"post_tag","embeddable":true,"href":"https:\/\/deti.casd.cz\/index.php?rest_route=%2Fwp%2Fv2%2Ftags&post=1671"}],"curies":[{"name":"wp","href":"https:\/\/api.w.org\/{rel}","templated":true}]}}