{"id":1728,"date":"2018-03-13T23:30:04","date_gmt":"2018-03-13T21:30:04","guid":{"rendered":"http:\/\/deti.casd.cz\/?p=1728"},"modified":"2018-03-20T01:22:34","modified_gmt":"2018-03-19T23:22:34","slug":"seminar-pro-ucitele-dss-2","status":"publish","type":"post","link":"https:\/\/deti.casd.cz\/?p=1728","title":{"rendered":"Semin\u00e1\u0159 pro u\u010ditele DS\u0160"},"content":{"rendered":"<p style=\"text-align: center;\"><span style=\"color: #ff0000; font-family: 'comic sans ms', sans-serif;\">C\u00edrkev adventist\u016f sedm\u00e9ho dne,<\/span><\/p>\n<p style=\"text-align: center;\"><span style=\"color: #ff0000; font-family: 'comic sans ms', sans-serif;\">odd\u011blen\u00ed DS\u0160<\/span><\/p>\n<p style=\"text-align: center;\"><span style=\"color: #ff0000; font-family: 'comic sans ms', sans-serif;\">V\u00e1s zve na semin\u00e1\u0159 pro u\u010ditele DS\u0160 a rodi\u010de v r\u00e1mci \u010cesk\u00e9ho sdru\u017een\u00ed<\/span><\/p>\n<p style=\"text-align: center;\"><span style=\"color: #ff0000; font-size: 24pt; font-family: 'comic sans ms', sans-serif;\"><strong>&#8222;POSELSTV\u00cd D\u011aTEM&#8220;<\/strong><\/span><\/p>\n<p style=\"text-align: center;\"><span style=\"color: #ff0000; font-family: 'comic sans ms', sans-serif;\">aneb jak p\u0159edat d\u011btem poselstv\u00ed Bible srozumiteln\u011b<\/span><\/p>\n<p style=\"text-align: center;\">&nbsp;<\/p>\n<p style=\"text-align: center;\"><span style=\"color: #ff0000; font-family: 'comic sans ms', sans-serif;\">Kdy:&nbsp;27.-29.4. 2018<\/span><\/p>\n<p style=\"text-align: center;\"><span style=\"color: #ff0000;\"><span style=\"font-family: 'comic sans ms', sans-serif;\">Kde:&nbsp;<\/span>&nbsp;<\/span><span style=\"color: #ff0000; font-size: large;\"><span style=\"font-family: 'Comic Sans MS', serif;\">Teologick\u00fd semin\u00e1\u0159 <a href='http:\/\/www.casd.cz' rel='external ' title='Ofici\u00e1ln\u00ed str\u00e1nky C\u00edrkve adventist\u016f sedm\u00e9ho dne'>CASD<\/a>, S\u00e1zava<\/span><\/span><\/p>\n<p class=\"western\" align=\"center\"><span style=\"color: #ff0000;\"><a href=\"https:\/\/mapy.cz\/s\/2rvL1\"><span lang=\"zxx\"><u><span style=\"font-family: 'Comic Sans MS', serif;\"><span style=\"font-size: medium;\">(\u00da\u017eice, Radvanice 29, 285 06 (49.8820336N, 14.9123539E)<\/span><\/span><\/u><\/span><span lang=\"zxx\"><u><span style=\"font-family: 'Comic Sans MS', serif;\"><span style=\"font-size: medium;\"><b> )<\/b><\/span><\/span><\/u><\/span><\/a><\/span><\/p>\n<p align=\"center\">&nbsp;<\/p>\n<p class=\"western\" align=\"center\"><span style=\"color: #ff0000; font-family: 'comic sans ms', sans-serif;\">Metody pr\u00e1ce s d\u011btmi podle v\u011bku tak,&nbsp;<\/span><\/p>\n<p class=\"western\" align=\"center\"><span style=\"color: #ff0000; font-family: 'comic sans ms', sans-serif;\">aby rozum\u011bly poselstv\u00ed Bible.<\/span><\/p>\n<p class=\"western\" align=\"center\"><span style=\"color: #ff0000; font-family: 'comic sans ms', sans-serif;\">Co o tom \u0159\u00edk\u00e1 teorie a jak to p\u0159en\u00e9st do praxe.<\/span><\/p>\n<p class=\"western\" align=\"center\"><span style=\"color: #ff0000; font-family: 'comic sans ms', sans-serif;\">Workshopy k jednotliv\u00fdm metod\u00e1m pr\u00e1ce s d\u011btmi podle v\u011bku.<\/span><\/p>\n<p class=\"western\" align=\"center\"><span style=\"color: #ff0000; font-family: 'comic sans ms', sans-serif;\">Mo\u017enost sd\u00edlen\u00ed se se sv\u00fdmi zku\u0161enostmi.<\/span><\/p>\n<p align=\"center\"><span style=\"font-size: 24pt; color: #ff0000; font-family: 'comic sans ms', sans-serif;\"><strong>Speci\u00e1ln\u00ed host Elsa COZZI, <\/strong><\/span><\/p>\n<p align=\"center\"><span style=\"font-size: 18pt; color: #ff0000; font-family: 'comic sans ms', sans-serif;\"><strong>vedouc\u00ed Children Ministry EUD<\/strong><\/span><\/p>\n<p align=\"center\">&nbsp;<\/p>\n<p class=\"western\" align=\"center\"><span style=\"color: #ff0000;\"><span style=\"font-family: 'Comic Sans MS', serif;\"><span style=\"font-size: large;\">P<\/span><\/span><span style=\"font-family: 'Comic Sans MS', serif;\"><span style=\"font-size: large;\">\u0159ihla\u0161ovac\u00ed formul\u00e1\u0159 a bli\u017e\u0161\u00ed informace na adrese:<\/span><\/span><\/span><\/p>\n<p class=\"western\" align=\"center\"><span style=\"color: #ff0000;\"><span lang=\"zxx\"><u><a href=\"http:\/\/www.ceskesdruzeni.cz\/deti\"><span style=\"font-family: 'Comic Sans MS', serif;\"><span style=\"font-size: medium;\">www.ceskesdruzeni.cz\/deti\/<\/span><\/span><\/a><\/u><\/span><span lang=\"zxx\"><span style=\"font-family: 'Comic Sans MS', serif;\"><span style=\"font-size: medium;\"> (do 18.4. 2018)<\/span><\/span><\/span><\/span><\/p>\n<p class=\"western\" align=\"center\"><span style=\"color: #ff0000; font-size: medium;\"><span style=\"font-family: 'Comic Sans MS', serif;\">Kontakt: Monika Medkov\u00e1 604 390 038, Roman Buchtel 739 345 690<\/span><\/span><\/p>\n<p align=\"center\"><strong><span style=\"font-family: 'comic sans ms', sans-serif; color: #ff0000;\">POZOR! TERM\u00cdN P\u0158IHLA\u0160OV\u00c1N\u00cd BYL PRODLOU\u017dEN!<\/span><\/strong><\/p>\n<p align=\"center\"><strong><span style=\"font-family: 'comic sans ms', sans-serif; color: #ff0000;\">P\u0159edb\u011b\u017en\u00e9 p\u0159ihl\u00e1\u0161en\u00ed do 31.3., z\u00e1vazn\u00e9 p\u0159ihl\u00e1\u0161ky do 18.4. 2018<\/span><\/strong><\/p>\n<p align=\"center\"><span style=\"font-family: 'comic sans ms', sans-serif; color: #ff0000;\">P\u0159ihla\u0161ujte se pros\u00edm co nejd\u0159\u00edve kv\u016fli omezen\u00e9mu po\u010dtu m\u00edst. <\/span><\/p>\n<p align=\"center\"><span style=\"font-family: 'comic sans ms', sans-serif; color: #ff0000;\">M\u00edst je pouze 30.<\/span><\/p>\n","protected":false},"excerpt":{"rendered":"<p>C\u00edrkev adventist\u016f sedm\u00e9ho dne, odd\u011blen\u00ed DS\u0160 V\u00e1s zve na semin\u00e1\u0159 pro u\u010ditele DS\u0160 a rodi\u010de v r\u00e1mci \u010cesk\u00e9ho sdru\u017een\u00ed &#8222;POSELSTV\u00cd D\u011aTEM&#8220; aneb jak p\u0159edat d\u011btem poselstv\u00ed Bible srozumiteln\u011b &nbsp; Kdy:&nbsp;27.-29.4. 2018 Kde:&nbsp;&nbsp;Teologick\u00fd semin\u00e1\u0159 CASD, S\u00e1zava (\u00da\u017eice, Radvanice 29, 285 06 (49.8820336N, 14.9123539E) ) &nbsp; Metody pr\u00e1ce s d\u011btmi podle v\u011bku tak,&nbsp; aby rozum\u011bly poselstv\u00ed Bible. &hellip; <\/p>\n<p><a class=\"more-link btn\" href=\"https:\/\/deti.casd.cz\/?p=1728\">Pokra\u010dovat ve \u010dten\u00ed<\/a><\/p>\n","protected":false},"author":1,"featured_media":0,"comment_status":"open","ping_status":"open","sticky":false,"template":"","format":"standard","meta":{"ngg_post_thumbnail":0,"footnotes":""},"categories":[1],"tags":[],"class_list":["post-1728","post","type-post","status-publish","format-standard","hentry","category-informace","item-wrap"],"_links":{"self":[{"href":"https:\/\/deti.casd.cz\/index.php?rest_route=\/wp\/v2\/posts\/1728","targetHints":{"allow":["GET"]}}],"collection":[{"href":"https:\/\/deti.casd.cz\/index.php?rest_route=\/wp\/v2\/posts"}],"about":[{"href":"https:\/\/deti.casd.cz\/index.php?rest_route=\/wp\/v2\/types\/post"}],"author":[{"embeddable":true,"href":"https:\/\/deti.casd.cz\/index.php?rest_route=\/wp\/v2\/users\/1"}],"replies":[{"embeddable":true,"href":"https:\/\/deti.casd.cz\/index.php?rest_route=%2Fwp%2Fv2%2Fcomments&post=1728"}],"version-history":[{"count":5,"href":"https:\/\/deti.casd.cz\/index.php?rest_route=\/wp\/v2\/posts\/1728\/revisions"}],"predecessor-version":[{"id":1734,"href":"https:\/\/deti.casd.cz\/index.php?rest_route=\/wp\/v2\/posts\/1728\/revisions\/1734"}],"wp:attachment":[{"href":"https:\/\/deti.casd.cz\/index.php?rest_route=%2Fwp%2Fv2%2Fmedia&parent=1728"}],"wp:term":[{"taxonomy":"category","embeddable":true,"href":"https:\/\/deti.casd.cz\/index.php?rest_route=%2Fwp%2Fv2%2Fcategories&post=1728"},{"taxonomy":"post_tag","embeddable":true,"href":"https:\/\/deti.casd.cz\/index.php?rest_route=%2Fwp%2Fv2%2Ftags&post=1728"}],"curies":[{"name":"wp","href":"https:\/\/api.w.org\/{rel}","templated":true}]}}