{"id":1745,"date":"2018-10-10T22:50:53","date_gmt":"2018-10-10T20:50:53","guid":{"rendered":"http:\/\/deti.casd.cz\/?p=1745"},"modified":"2021-11-25T12:12:03","modified_gmt":"2021-11-25T10:12:03","slug":"seminar-pre-rodicov-a-ucitelov-v-dss-pro-slovenske-zdruzenie","status":"publish","type":"post","link":"https:\/\/deti.casd.cz\/?p=1745","title":{"rendered":"Semin\u00e1r pre rodi\u010dov a u\u010ditelov v DS\u0160 pro Slovensk\u00e9 zdru\u017eenie"},"content":{"rendered":"<p style=\"text-align: center;\"><span style=\"color: #ff0000; font-size: 14pt;\">Oddelenie Detskej sobotnej \u0161koly v Cirkvi Adventistov Siedmeho d\u0148a V\u00e1s poz\u00fdva na semin\u00e1r pre rodi\u010dov a u\u010dite\u013eov v Detsk\u00fdch sobotn\u00fdch \u0161kol\u00e1ch na t\u00e9mu:<\/span><\/p>\n<p>&nbsp;<\/p>\n<p style=\"text-align: center;\"><span style=\"color: #800000; font-size: 18pt;\"><strong>&#8222;DOSPEL\u00cd A DETI&#8220;<\/strong><\/span><\/p>\n<p style=\"text-align: center;\"><span style=\"color: #800000; font-size: 18pt;\"><strong>alebo ako by\u0165 dobr\u00fdm sprievodcom pre deti<\/strong><\/span><\/p>\n<p>&nbsp;<\/p>\n<p style=\"text-align: center;\"><span style=\"color: #ff0000; font-size: 14pt;\">alebo ako vrav\u00ed William Arthur Ward: <\/span><\/p>\n<p style=\"text-align: center;\"><span style=\"color: #ff0000; font-size: 14pt;\"><em>Priemern\u00fd u\u010dite\u013e vrav\u00ed. Dobr\u00fd u\u010dite\u013e vysvetluje. <\/em><\/span><\/p>\n<p style=\"text-align: center;\"><span style=\"color: #ff0000; font-size: 14pt;\"><em>V\u00fdborn\u00fd u\u010dite\u013e predv\u00e1dza. Skvel\u00fd u\u010dite\u013e in\u0161piruje.<\/em><\/span><\/p>\n<p>&nbsp;<\/p>\n<p style=\"text-align: center;\"><span style=\"color: #ff0000; font-size: 14pt;\">Kedy? <strong><span style=\"color: #800000;\">24.november 2018<\/span><\/strong><\/span><\/p>\n<p style=\"text-align: center;\"><span style=\"color: #ff0000; font-size: 14pt;\">Kde?<strong><span style=\"color: #800000;\"> penzi\u00f3n Meden\u00fd H\u00e1mor, Bansk\u00e1 Bystrica, <\/span><\/strong><\/span><\/p>\n<p style=\"text-align: center;\"><span style=\"color: #ff0000; font-size: 14pt;\"><strong><span style=\"color: #800000;\">GPS N 48.746938, E 19.140375<\/span><\/strong><\/span><\/p>\n<p style=\"text-align: center;\"><a href=\"http:\/\/www.pcmh.sk\/\" class=\"broken_link\">http:\/\/www.pcmh.sk\/<\/a><\/p>\n<p>&nbsp;<\/p>\n<p style=\"text-align: center;\"><span style=\"color: #ff0000;\">T\u00e9mata s praktick\u00fdmi uk\u00e1\u017ekami: <\/span><\/p>\n<p style=\"text-align: center;\"><span style=\"color: #ff0000;\">Osobnos\u0165 u\u010dite\u013ea v DS\u0160, \u00faloha u\u010dite\u013ea v DS\u0160, <\/span><\/p>\n<p style=\"text-align: center;\"><span style=\"color: #ff0000;\">schopnosti u\u010dite\u013ea v DS\u0160, mo\u017enosti u\u010dite\u013ea v DS\u0160, <\/span><\/p>\n<p style=\"text-align: center;\"><span style=\"color: #ff0000;\">nov\u00e1 pesni\u010dka a vz\u00e1jomn\u00e9 zdie\u013eanie sa.<\/span><\/p>\n<p style=\"text-align: center;\">&nbsp;<\/p>\n<p style=\"text-align: center;\"><span style=\"color: #800000;\"><strong>Prihl\u00e1\u0161ky posielajte do 31.okt\u00f3bra 2018 na adresu:<\/strong><\/span><\/p>\n<blockquote>\n<p style=\"text-align: center;\"><span style=\"color: #ff0000;\">lydia.gresova@gmail.com<\/span><\/p>\n<\/blockquote>\n<p style=\"text-align: center;\"><span style=\"color: #ff0000;\">(pozor po\u010det \u00fa\u010dastn\u00edkov je obmezen\u00fd kapacitou priestorov!!!)<\/span><\/p>\n<p>&nbsp;<\/p>\n<p style=\"text-align: center;\"><span style=\"color: #800000;\">Te\u0161ia sa na V\u00e1s Monika Medkov\u00e1 )ved\u00faca DS\u0160 \u010cS\u00da, <\/span><\/p>\n<p style=\"text-align: center;\"><span style=\"color: #800000;\">L\u00fddia Gre\u0161ov\u00e1 (ved\u00faca DS\u0160 SZ, Jozef Plach\u00fd (ved\u00faci oddelen\u00ed det\u00ed SZ)<\/span><\/p>\n","protected":false},"excerpt":{"rendered":"<p>Oddelenie Detskej sobotnej \u0161koly v Cirkvi Adventistov Siedmeho d\u0148a V\u00e1s poz\u00fdva na semin\u00e1r pre rodi\u010dov a u\u010dite\u013eov v Detsk\u00fdch sobotn\u00fdch \u0161kol\u00e1ch na t\u00e9mu: &nbsp; &#8222;DOSPEL\u00cd A DETI&#8220; alebo ako by\u0165 dobr\u00fdm sprievodcom pre deti &nbsp; alebo ako vrav\u00ed William Arthur Ward: Priemern\u00fd u\u010dite\u013e vrav\u00ed. Dobr\u00fd u\u010dite\u013e vysvetluje. V\u00fdborn\u00fd u\u010dite\u013e predv\u00e1dza. Skvel\u00fd u\u010dite\u013e in\u0161piruje. &nbsp; Kedy? &hellip; <\/p>\n<p><a class=\"more-link btn\" href=\"https:\/\/deti.casd.cz\/?p=1745\">Pokra\u010dovat ve \u010dten\u00ed<\/a><\/p>\n","protected":false},"author":1,"featured_media":0,"comment_status":"open","ping_status":"open","sticky":false,"template":"","format":"standard","meta":{"ngg_post_thumbnail":0,"footnotes":""},"categories":[1],"tags":[],"class_list":["post-1745","post","type-post","status-publish","format-standard","hentry","category-informace","item-wrap"],"_links":{"self":[{"href":"https:\/\/deti.casd.cz\/index.php?rest_route=\/wp\/v2\/posts\/1745","targetHints":{"allow":["GET"]}}],"collection":[{"href":"https:\/\/deti.casd.cz\/index.php?rest_route=\/wp\/v2\/posts"}],"about":[{"href":"https:\/\/deti.casd.cz\/index.php?rest_route=\/wp\/v2\/types\/post"}],"author":[{"embeddable":true,"href":"https:\/\/deti.casd.cz\/index.php?rest_route=\/wp\/v2\/users\/1"}],"replies":[{"embeddable":true,"href":"https:\/\/deti.casd.cz\/index.php?rest_route=%2Fwp%2Fv2%2Fcomments&post=1745"}],"version-history":[{"count":5,"href":"https:\/\/deti.casd.cz\/index.php?rest_route=\/wp\/v2\/posts\/1745\/revisions"}],"predecessor-version":[{"id":1909,"href":"https:\/\/deti.casd.cz\/index.php?rest_route=\/wp\/v2\/posts\/1745\/revisions\/1909"}],"wp:attachment":[{"href":"https:\/\/deti.casd.cz\/index.php?rest_route=%2Fwp%2Fv2%2Fmedia&parent=1745"}],"wp:term":[{"taxonomy":"category","embeddable":true,"href":"https:\/\/deti.casd.cz\/index.php?rest_route=%2Fwp%2Fv2%2Fcategories&post=1745"},{"taxonomy":"post_tag","embeddable":true,"href":"https:\/\/deti.casd.cz\/index.php?rest_route=%2Fwp%2Fv2%2Ftags&post=1745"}],"curies":[{"name":"wp","href":"https:\/\/api.w.org\/{rel}","templated":true}]}}